{"id":433,"date":"2014-07-30T08:58:49","date_gmt":"2014-07-30T06:58:49","guid":{"rendered":"http:\/\/www.p-ace.de\/FTurm\/?p=433"},"modified":"2014-07-30T09:00:18","modified_gmt":"2014-07-30T07:00:18","slug":"leserbrief-von-klaus-martin-an-die-saechsische-zeitung","status":"publish","type":"post","link":"https:\/\/www.vereinfernsehturmdresden.de\/?p=433","title":{"rendered":"Leserbrief von Klaus Martin an die S\u00e4chsische Zeitung"},"content":{"rendered":"<p><strong>Klaus Martin<\/strong> hat uns freundlicherweise seinen Leserbrief an die S\u00e4chsische Zeitung f\u00fcr die Vereinsseite zur Verf\u00fcgung gestellt. Vielen Dank daf\u00fcr! Er wurde am 11.Juli 2014 ver\u00f6ffentlich und bezieht sich neben den Inhalten zum Turm selbst auf die Stadtratssitzung vom Juni 2014, in der auch das Thema Fernsehturm er\u00f6rtert worden war. Wie wir alle wissen \u2013 leider negativ.<\/p>\n<p>Es w\u00e4re sicherlich sehr gut, wenn es mehr dieser konkreten Bekenntnisse zu unserem Fernsehturm geben w\u00fcrde. Gern tragen wir sie auch an dieser Stelle zusammen. Denn steter Tropfen h\u00f6hlt den Stein. Das schrieb auch Herr Martin zu seinem Brief.<\/p>\n<p><a href=\"http:\/\/www.p-ace.de\/FTurm\/wp-content\/uploads\/2014\/07\/Leserbrief-Klaus-Martin-07-2014.pdf\">Leserbrief Klaus Martin 07 2014<\/a><\/p>\n<div class=\"twoclick_social_bookmarks_post_433 social_share_privacy clearfix 1.6.4 locale-de_DE sprite-de_DE\"><\/div><div class=\"twoclick-js\"><script type=\"text\/javascript\">\/* <![CDATA[ *\/\njQuery(document).ready(function($){if($('.twoclick_social_bookmarks_post_433')){$('.twoclick_social_bookmarks_post_433').socialSharePrivacy({\"services\":{\"facebook\":{\"status\":\"on\",\"txt_info\":\"2 Klicks f\\u00fcr mehr Datenschutz: Erst wenn Sie hier klicken, wird der Button aktiv und Sie k\\u00f6nnen Ihre Empfehlung an Facebook senden. Schon beim Aktivieren werden Daten an Dritte \\u00fcbertragen - siehe <em>i<\\\/em>.\",\"perma_option\":\"off\",\"action\":\"like\",\"language\":\"de_DE\"},\"twitter\":{\"reply_to\":\"\",\"tweet_text\":\"%20Leserbrief%20von%20Klaus%20Martin%20an%20die%20S%C3%A4chsische%20Zeitung%20%C2%BB%20Fernsehturm%20Dresden%20...\",\"status\":\"on\",\"txt_info\":\"2 Klicks f\\u00fcr mehr Datenschutz: Erst wenn Sie hier klicken, wird der Button aktiv und Sie k\\u00f6nnen Ihre Empfehlung an Twitter senden. Schon beim Aktivieren werden Daten an Dritte \\u00fcbertragen - siehe <em>i<\\\/em>.\",\"perma_option\":\"off\",\"language\":\"de\",\"referrer_track\":\"\"},\"gplus\":{\"status\":\"on\",\"txt_info\":\"2 Klicks f\\u00fcr mehr Datenschutz: Erst wenn Sie hier klicken, wird der Button aktiv und Sie k\\u00f6nnen Ihre Empfehlung an Google+ senden. Schon beim Aktivieren werden Daten an Dritte \\u00fcbertragen - siehe <em>i<\\\/em>.\",\"perma_option\":\"off\",\"referrer_track\":\"\"}},\"txt_help\":\"Wenn Sie diese Felder durch einen Klick aktivieren, werden Informationen an Facebook, Twitter, Flattr, Xing, t3n, LinkedIn, Pinterest oder Google eventuell ins Ausland \\u00fcbertragen und unter Umst\\u00e4nden auch dort gespeichert. N\\u00e4heres erfahren Sie durch einen Klick auf das <em>i<\\\/em>.\",\"settings_perma\":\"Dauerhaft aktivieren und Daten\\u00fcber-tragung zustimmen:\",\"info_link\":\"http:\\\/\\\/www.heise.de\\\/ct\\\/artikel\\\/2-Klicks-fuer-mehr-Datenschutz-1333879.html\",\"uri\":\"https:\\\/\\\/www.vereinfernsehturmdresden.de\\\/?p=433\",\"post_id\":433,\"post_title_referrer_track\":\"Leserbrief+von+Klaus+Martin+an+die+S%C3%A4chsische+Zeitung\",\"display_infobox\":\"on\"});}});\n\/* ]]> *\/<\/script><\/div>","protected":false},"excerpt":{"rendered":"<p>Klaus Martin hat uns freundlicherweise seinen Leserbrief an die S\u00e4chsische Zeitung f\u00fcr die Vereinsseite zur Verf\u00fcgung gestellt. Vielen Dank daf\u00fcr! Er wurde [&hellip;]<\/p>\n","protected":false},"author":1,"featured_media":0,"comment_status":"open","ping_status":"open","sticky":false,"template":"","format":"standard","meta":{"ngg_post_thumbnail":0,"footnotes":""},"categories":[3],"tags":[86,38,85,84,39,42,41,43,40],"aioseo_notices":[],"_links":{"self":[{"href":"https:\/\/www.vereinfernsehturmdresden.de\/index.php?rest_route=\/wp\/v2\/posts\/433"}],"collection":[{"href":"https:\/\/www.vereinfernsehturmdresden.de\/index.php?rest_route=\/wp\/v2\/posts"}],"about":[{"href":"https:\/\/www.vereinfernsehturmdresden.de\/index.php?rest_route=\/wp\/v2\/types\/post"}],"author":[{"embeddable":true,"href":"https:\/\/www.vereinfernsehturmdresden.de\/index.php?rest_route=\/wp\/v2\/users\/1"}],"replies":[{"embeddable":true,"href":"https:\/\/www.vereinfernsehturmdresden.de\/index.php?rest_route=%2Fwp%2Fv2%2Fcomments&post=433"}],"version-history":[{"count":2,"href":"https:\/\/www.vereinfernsehturmdresden.de\/index.php?rest_route=\/wp\/v2\/posts\/433\/revisions"}],"predecessor-version":[{"id":436,"href":"https:\/\/www.vereinfernsehturmdresden.de\/index.php?rest_route=\/wp\/v2\/posts\/433\/revisions\/436"}],"wp:attachment":[{"href":"https:\/\/www.vereinfernsehturmdresden.de\/index.php?rest_route=%2Fwp%2Fv2%2Fmedia&parent=433"}],"wp:term":[{"taxonomy":"category","embeddable":true,"href":"https:\/\/www.vereinfernsehturmdresden.de\/index.php?rest_route=%2Fwp%2Fv2%2Fcategories&post=433"},{"taxonomy":"post_tag","embeddable":true,"href":"https:\/\/www.vereinfernsehturmdresden.de\/index.php?rest_route=%2Fwp%2Fv2%2Ftags&post=433"}],"curies":[{"name":"wp","href":"https:\/\/api.w.org\/{rel}","templated":true}]}}