{"id":2181,"date":"2023-04-12T08:20:17","date_gmt":"2023-04-12T06:20:17","guid":{"rendered":"https:\/\/www.vereinfernsehturmdresden.de\/?p=2181"},"modified":"2023-04-12T08:22:07","modified_gmt":"2023-04-12T06:22:07","slug":"fernsehturm-dresden-kann-publikumsliebling-werden","status":"publish","type":"post","link":"https:\/\/www.vereinfernsehturmdresden.de\/?p=2181","title":{"rendered":"Fernsehturm Dresden kann Publikumsliebling werden"},"content":{"rendered":"\n<p>Liebe Vereinsfans, unser Verein nimmt am Publikumsvoting zum \u201eVerein des Jahres 2022\u201c teil. Wir k\u00f6nnen Publikumsliebling werden und das Preisgeld in H\u00f6he von mindestens 1.500 Euro gewinnen.&nbsp;<span class=\"x3nfvp2 x1j61x8r x1fcty0u xdj266r xhhsvwb xat24cr xgzva0m xxymvpz xlup9mm x1kky2od\"><img loading=\"lazy\" decoding=\"async\" src=\"https:\/\/static.xx.fbcdn.net\/images\/emoji.php\/v9\/tc6\/1.5\/16\/1f973.png\" alt=\"&#x1f973;\" width=\"16\" height=\"16\"><\/span>&nbsp;Bitte votet vom 1. bis zum 31. M\u00e4rz 2023 f\u00fcr uns!<\/p>\n\n\n\n<p>Also auf geht`s!&nbsp;<span class=\"x3nfvp2 x1j61x8r x1fcty0u xdj266r xhhsvwb xat24cr xgzva0m xxymvpz xlup9mm x1kky2od\"><img loading=\"lazy\" decoding=\"async\" src=\"https:\/\/static.xx.fbcdn.net\/images\/emoji.php\/v9\/ta5\/1.5\/16\/1f642.png\" alt=\"&#x1f642;\" width=\"16\" height=\"16\"><\/span>&nbsp;<a class=\"x1i10hfl xjbqb8w x6umtig x1b1mbwd xaqea5y xav7gou x9f619 x1ypdohk xt0psk2 xe8uvvx xdj266r x11i5rnm xat24cr x1mh8g0r xexx8yu x4uap5 x18d9i69 xkhd6sd x16tdsg8 x1hl2dhg xggy1nq x1a2a7pz xt0b8zv x1fey0fg\" tabindex=\"0\" role=\"link\" href=\"http:\/\/www.vereindesjahres.de\/?fbclid=IwAR3z3MP0VjX6dZE-FDVZbxMsjcYFMrNBUxh_YNp6jpBRqknzf3HHWlm5eFQ\" target=\"_blank\" rel=\"nofollow noopener\">www.vereindesjahres.de<\/a><br>1. Die finalen Nominierungen des Vereine des Jahres 2022 aufrufen<br>2. Ihren Verein per Suchfunktion ausw\u00e4hlen<br>3. Stimme abgeben und E-Mail-Adresse erfassen<br>4. Antwort-E-Mail im eigenen Postfach \u00f6ffnen und Stimmenabgabe per Link best\u00e4tigen. (Spamordner)<br>Die Preistr\u00e4ger werden Ende Mai bekannt gegeben.<\/p>\n\n\n\n<p>Und so k\u00f6nnte es dann am Ende aussehen, wenn wir mit eurer Hilfe gewinnen w\u00fcrden:<\/p>\n\n\n\n<figure class=\"wp-block-image size-large\"><a href=\"https:\/\/www.vereinfernsehturmdresden.de\/wp-content\/uploads\/2023\/04\/Verein-des-Jahres-2022-2023.jpg\"><img loading=\"lazy\" decoding=\"async\" width=\"1024\" height=\"525\" src=\"https:\/\/www.vereinfernsehturmdresden.de\/wp-content\/uploads\/2023\/04\/Verein-des-Jahres-2022-2023-1024x525.jpg\" alt=\"\" class=\"wp-image-2182\" srcset=\"https:\/\/www.vereinfernsehturmdresden.de\/wp-content\/uploads\/2023\/04\/Verein-des-Jahres-2022-2023-1024x525.jpg 1024w, https:\/\/www.vereinfernsehturmdresden.de\/wp-content\/uploads\/2023\/04\/Verein-des-Jahres-2022-2023-300x154.jpg 300w, https:\/\/www.vereinfernsehturmdresden.de\/wp-content\/uploads\/2023\/04\/Verein-des-Jahres-2022-2023-768x394.jpg 768w, https:\/\/www.vereinfernsehturmdresden.de\/wp-content\/uploads\/2023\/04\/Verein-des-Jahres-2022-2023-1536x787.jpg 1536w, https:\/\/www.vereinfernsehturmdresden.de\/wp-content\/uploads\/2023\/04\/Verein-des-Jahres-2022-2023-1000x513.jpg 1000w, https:\/\/www.vereinfernsehturmdresden.de\/wp-content\/uploads\/2023\/04\/Verein-des-Jahres-2022-2023-230x118.jpg 230w, https:\/\/www.vereinfernsehturmdresden.de\/wp-content\/uploads\/2023\/04\/Verein-des-Jahres-2022-2023-350x179.jpg 350w, https:\/\/www.vereinfernsehturmdresden.de\/wp-content\/uploads\/2023\/04\/Verein-des-Jahres-2022-2023-480x246.jpg 480w, https:\/\/www.vereinfernsehturmdresden.de\/wp-content\/uploads\/2023\/04\/Verein-des-Jahres-2022-2023.jpg 1902w\" sizes=\"(max-width: 1024px) 100vw, 1024px\" \/><\/a><\/figure>\n<div class=\"twoclick_social_bookmarks_post_2181 social_share_privacy clearfix 1.6.4 locale-de_DE sprite-de_DE\"><\/div><div class=\"twoclick-js\"><script type=\"text\/javascript\">\/* <![CDATA[ *\/\njQuery(document).ready(function($){if($('.twoclick_social_bookmarks_post_2181')){$('.twoclick_social_bookmarks_post_2181').socialSharePrivacy({\"services\":{\"facebook\":{\"status\":\"on\",\"txt_info\":\"2 Klicks f\\u00fcr mehr Datenschutz: Erst wenn Sie hier klicken, wird der Button aktiv und Sie k\\u00f6nnen Ihre Empfehlung an Facebook senden. Schon beim Aktivieren werden Daten an Dritte \\u00fcbertragen - siehe <em>i<\\\/em>.\",\"perma_option\":\"off\",\"action\":\"like\",\"language\":\"de_DE\"},\"twitter\":{\"reply_to\":\"\",\"tweet_text\":\"Fernsehturm%20Dresden%20kann%20Publikumsliebling%20werden%20%C2%BB%20Fernsehturm%20Dresden%20e.V.\",\"status\":\"on\",\"txt_info\":\"2 Klicks f\\u00fcr mehr Datenschutz: Erst wenn Sie hier klicken, wird der Button aktiv und Sie k\\u00f6nnen Ihre Empfehlung an Twitter senden. Schon beim Aktivieren werden Daten an Dritte \\u00fcbertragen - siehe <em>i<\\\/em>.\",\"perma_option\":\"off\",\"language\":\"de\",\"referrer_track\":\"\"},\"gplus\":{\"status\":\"on\",\"txt_info\":\"2 Klicks f\\u00fcr mehr Datenschutz: Erst wenn Sie hier klicken, wird der Button aktiv und Sie k\\u00f6nnen Ihre Empfehlung an Google+ senden. Schon beim Aktivieren werden Daten an Dritte \\u00fcbertragen - siehe <em>i<\\\/em>.\",\"perma_option\":\"off\",\"referrer_track\":\"\"}},\"txt_help\":\"Wenn Sie diese Felder durch einen Klick aktivieren, werden Informationen an Facebook, Twitter, Flattr, Xing, t3n, LinkedIn, Pinterest oder Google eventuell ins Ausland \\u00fcbertragen und unter Umst\\u00e4nden auch dort gespeichert. N\\u00e4heres erfahren Sie durch einen Klick auf das <em>i<\\\/em>.\",\"settings_perma\":\"Dauerhaft aktivieren und Daten\\u00fcber-tragung zustimmen:\",\"info_link\":\"http:\\\/\\\/www.heise.de\\\/ct\\\/artikel\\\/2-Klicks-fuer-mehr-Datenschutz-1333879.html\",\"uri\":\"https:\\\/\\\/www.vereinfernsehturmdresden.de\\\/?p=2181\",\"post_id\":2181,\"post_title_referrer_track\":\"Fernsehturm+Dresden+kann+Publikumsliebling+werden\",\"display_infobox\":\"on\"});}});\n\/* ]]> *\/<\/script><\/div>","protected":false},"excerpt":{"rendered":"<p>Liebe Vereinsfans, unser Verein nimmt am Publikumsvoting zum \u201eVerein des Jahres 2022\u201c teil. Wir k\u00f6nnen Publikumsliebling werden und das Preisgeld in H\u00f6he [&hellip;]<\/p>\n","protected":false},"author":19,"featured_media":0,"comment_status":"open","ping_status":"open","sticky":false,"template":"","format":"standard","meta":{"ngg_post_thumbnail":0,"footnotes":""},"categories":[1],"tags":[],"aioseo_notices":[],"_links":{"self":[{"href":"https:\/\/www.vereinfernsehturmdresden.de\/index.php?rest_route=\/wp\/v2\/posts\/2181"}],"collection":[{"href":"https:\/\/www.vereinfernsehturmdresden.de\/index.php?rest_route=\/wp\/v2\/posts"}],"about":[{"href":"https:\/\/www.vereinfernsehturmdresden.de\/index.php?rest_route=\/wp\/v2\/types\/post"}],"author":[{"embeddable":true,"href":"https:\/\/www.vereinfernsehturmdresden.de\/index.php?rest_route=\/wp\/v2\/users\/19"}],"replies":[{"embeddable":true,"href":"https:\/\/www.vereinfernsehturmdresden.de\/index.php?rest_route=%2Fwp%2Fv2%2Fcomments&post=2181"}],"version-history":[{"count":2,"href":"https:\/\/www.vereinfernsehturmdresden.de\/index.php?rest_route=\/wp\/v2\/posts\/2181\/revisions"}],"predecessor-version":[{"id":2185,"href":"https:\/\/www.vereinfernsehturmdresden.de\/index.php?rest_route=\/wp\/v2\/posts\/2181\/revisions\/2185"}],"wp:attachment":[{"href":"https:\/\/www.vereinfernsehturmdresden.de\/index.php?rest_route=%2Fwp%2Fv2%2Fmedia&parent=2181"}],"wp:term":[{"taxonomy":"category","embeddable":true,"href":"https:\/\/www.vereinfernsehturmdresden.de\/index.php?rest_route=%2Fwp%2Fv2%2Fcategories&post=2181"},{"taxonomy":"post_tag","embeddable":true,"href":"https:\/\/www.vereinfernsehturmdresden.de\/index.php?rest_route=%2Fwp%2Fv2%2Ftags&post=2181"}],"curies":[{"name":"wp","href":"https:\/\/api.w.org\/{rel}","templated":true}]}}