{"id":2112,"date":"2022-10-21T00:55:08","date_gmt":"2022-10-20T22:55:08","guid":{"rendered":"https:\/\/www.vereinfernsehturmdresden.de\/?p=2112"},"modified":"2022-10-21T00:55:08","modified_gmt":"2022-10-20T22:55:08","slug":"nachbarschaftstag-und-turmaufstieg-am-14-oktober-2022","status":"publish","type":"post","link":"https:\/\/www.vereinfernsehturmdresden.de\/?p=2112","title":{"rendered":"Nachbarschaftstag und Turmaufstieg am 14. Oktober 2022"},"content":{"rendered":"<p>53 Jahre Fernsehturm Dresden!\u00a0<span class=\"x3nfvp2 x1j61x8r x1fcty0u xdj266r xhhsvwb xat24cr xgzva0m xxymvpz xlup9mm x1kky2od\"><img loading=\"lazy\" decoding=\"async\" src=\"https:\/\/static.xx.fbcdn.net\/images\/emoji.php\/v9\/tc6\/1.5\/16\/1f973.png\" alt=\"&#x1f973;\" width=\"16\" height=\"16\" \/><\/span><br \/>\nZeit f\u00fcr einen ganz besonderen Beitrag. Gestern \u00f6ffnete der Turm exklusiv f\u00fcr die umliegenden Anwohner aus Dresden Pappritz (Wachwitz). Der Fernsehturm Verein Dresden hatten einen eigenen Stand mit Infomaterial und tollen Aufnahmen von dem Turm.\u00a0<span class=\"x3nfvp2 x1j61x8r x1fcty0u xdj266r xhhsvwb xat24cr xgzva0m xxymvpz xlup9mm x1kky2od\"><img loading=\"lazy\" decoding=\"async\" src=\"https:\/\/static.xx.fbcdn.net\/images\/emoji.php\/v9\/t1a\/1.5\/16\/1f62e.png\" alt=\"&#x1f62e;\" width=\"16\" height=\"16\" \/><\/span><span class=\"x3nfvp2 x1j61x8r x1fcty0u xdj266r xhhsvwb xat24cr xgzva0m xxymvpz xlup9mm x1kky2od\"><img loading=\"lazy\" decoding=\"async\" src=\"https:\/\/static.xx.fbcdn.net\/images\/emoji.php\/v9\/t5b\/1.5\/16\/1f60d.png\" alt=\"&#x1f60d;\" width=\"16\" height=\"16\" \/><\/span><\/p>\n<p>Viele 360-Grad-Aufnahmen findet ihr auf der Facebook-Gruppe &#8222;Fernsehturm Dresden&#8220;. Hier der Direktlink: https:\/\/www.facebook.com\/groups\/295932199351700<\/p>\n<p>Wenn der kleine Fernsehturm sein gro\u00dfes Vorbild besucht, gibt es ein freudiges Oho und strahlende Gesichter. Neben dem Eingang zum Dresdner Fernsehturm konnte der Verein Fernsehturm Dresden e.V. mit seinem Stand den neugierigen Besuchern Rede und Antwort stehen<\/p>\n<p>Au\u00dferdem gab es f\u00fcr eine Hand voll ganz wenige noch einen ganz besonderen Rundgang durch den Turm. 750 Treppenstufen abw\u00e4rts! Immer im Kreis. <span class=\"x3nfvp2 x1j61x8r x1fcty0u xdj266r xhhsvwb xat24cr xgzva0m xxymvpz xlup9mm x1kky2od\"><img loading=\"lazy\" decoding=\"async\" src=\"https:\/\/static.xx.fbcdn.net\/images\/emoji.php\/v9\/t1a\/1.5\/16\/1f62e.png\" alt=\"&#x1f62e;\" width=\"16\" height=\"16\" \/><\/span><span class=\"x3nfvp2 x1j61x8r x1fcty0u xdj266r xhhsvwb xat24cr xgzva0m xxymvpz xlup9mm x1kky2od\"><img loading=\"lazy\" decoding=\"async\" src=\"https:\/\/static.xx.fbcdn.net\/images\/emoji.php\/v9\/t5b\/1.5\/16\/1f60d.png\" alt=\"&#x1f60d;\" width=\"16\" height=\"16\" \/><\/span><\/p>\n<p>In der Mitte, hinter den Gittern verlaufen die beiden Fahrstuhlsch\u00e4chte, in denen derzeit nur ein Aufzug rund 2 Minuten pro Strecke mit 1,5 Metern pro Sekunde unterwegs ist. Bei der Wiederer\u00f6ffnung werden es wieder zwei Schnellaufz\u00fcge sein, die dann durchaus 6 m\/s schnell durch den Turm sausen werden.\u00a0<span class=\"x3nfvp2 x1j61x8r x1fcty0u xdj266r xhhsvwb xat24cr xgzva0m xxymvpz xlup9mm x1kky2od\"><img loading=\"lazy\" decoding=\"async\" src=\"https:\/\/static.xx.fbcdn.net\/images\/emoji.php\/v9\/t2b\/1.5\/16\/1f604.png\" alt=\"&#x1f604;\" width=\"16\" height=\"16\" \/><\/span><span class=\"x3nfvp2 x1j61x8r x1fcty0u xdj266r xhhsvwb xat24cr xgzva0m xxymvpz xlup9mm x1kky2od\"><img loading=\"lazy\" decoding=\"async\" src=\"https:\/\/static.xx.fbcdn.net\/images\/emoji.php\/v9\/t55\/1.5\/16\/1f44d.png\" alt=\"&#x1f44d;\" width=\"16\" height=\"16\" \/><\/span><\/p>\n<p>F\u00fcr die G\u00e4ste des 53. Geburtstags wurde nat\u00fcrlich auch f\u00fcrs leibliche Wohl gesorgt. Au\u00dferdem gab es eine kleine Ausstellung. Wie ihr sehen k\u00f6nnt, hat sich der ehemalige Eingangsbereich bis auf die fehlenden Glasscheiben und das fehlende Interior &#8222;kaum ver\u00e4ndert&#8220;. Weitere Bilder werden demn\u00e4chst folgen.\u00a0<span class=\"x3nfvp2 x1j61x8r x1fcty0u xdj266r xhhsvwb xat24cr xgzva0m xxymvpz xlup9mm x1kky2od\"><img loading=\"lazy\" decoding=\"async\" src=\"https:\/\/static.xx.fbcdn.net\/images\/emoji.php\/v9\/t1a\/1.5\/16\/1f62e.png\" alt=\"&#x1f62e;\" width=\"16\" height=\"16\" \/><\/span><\/p>\n<p>Eine ganz besondere Blaue Stunde!<br \/>\nAufgenommen am Treppenaufgang zur offenen Aussichtsplattform des Dresdner Fernsehturms, bevor im Elbtal die Lichter eingeschaltet wurden und die Nacht anbrach.\u00a0<span class=\"x3nfvp2 x1j61x8r x1fcty0u xdj266r xhhsvwb xat24cr xgzva0m xxymvpz xlup9mm x1kky2od\"><img loading=\"lazy\" decoding=\"async\" src=\"https:\/\/static.xx.fbcdn.net\/images\/emoji.php\/v9\/t43\/1.5\/16\/1f970.png\" alt=\"&#x1f970;\" width=\"16\" height=\"16\" \/><\/span><span class=\"x3nfvp2 x1j61x8r x1fcty0u xdj266r xhhsvwb xat24cr xgzva0m xxymvpz xlup9mm x1kky2od\"><img loading=\"lazy\" decoding=\"async\" src=\"https:\/\/static.xx.fbcdn.net\/images\/emoji.php\/v9\/tce\/1.5\/16\/1f618.png\" alt=\"&#x1f618;\" width=\"16\" height=\"16\" \/><\/span><\/p>\n<div class=\"twoclick_social_bookmarks_post_2112 social_share_privacy clearfix 1.6.4 locale-de_DE sprite-de_DE\"><\/div><div class=\"twoclick-js\"><script type=\"text\/javascript\">\/* <![CDATA[ *\/\njQuery(document).ready(function($){if($('.twoclick_social_bookmarks_post_2112')){$('.twoclick_social_bookmarks_post_2112').socialSharePrivacy({\"services\":{\"facebook\":{\"status\":\"on\",\"txt_info\":\"2 Klicks f\\u00fcr mehr Datenschutz: Erst wenn Sie hier klicken, wird der Button aktiv und Sie k\\u00f6nnen Ihre Empfehlung an Facebook senden. Schon beim Aktivieren werden Daten an Dritte \\u00fcbertragen - siehe <em>i<\\\/em>.\",\"perma_option\":\"off\",\"action\":\"like\",\"language\":\"de_DE\"},\"twitter\":{\"reply_to\":\"\",\"tweet_text\":\"Nachbarschaftstag%20und%20Turmaufstieg%20am%2014.%20Oktober%202022%20%C2%BB%20Fernsehturm%20Dresden%20e.V.\",\"status\":\"on\",\"txt_info\":\"2 Klicks f\\u00fcr mehr Datenschutz: Erst wenn Sie hier klicken, wird der Button aktiv und Sie k\\u00f6nnen Ihre Empfehlung an Twitter senden. Schon beim Aktivieren werden Daten an Dritte \\u00fcbertragen - siehe <em>i<\\\/em>.\",\"perma_option\":\"off\",\"language\":\"de\",\"referrer_track\":\"\"},\"gplus\":{\"status\":\"on\",\"txt_info\":\"2 Klicks f\\u00fcr mehr Datenschutz: Erst wenn Sie hier klicken, wird der Button aktiv und Sie k\\u00f6nnen Ihre Empfehlung an Google+ senden. Schon beim Aktivieren werden Daten an Dritte \\u00fcbertragen - siehe <em>i<\\\/em>.\",\"perma_option\":\"off\",\"referrer_track\":\"\"}},\"txt_help\":\"Wenn Sie diese Felder durch einen Klick aktivieren, werden Informationen an Facebook, Twitter, Flattr, Xing, t3n, LinkedIn, Pinterest oder Google eventuell ins Ausland \\u00fcbertragen und unter Umst\\u00e4nden auch dort gespeichert. N\\u00e4heres erfahren Sie durch einen Klick auf das <em>i<\\\/em>.\",\"settings_perma\":\"Dauerhaft aktivieren und Daten\\u00fcber-tragung zustimmen:\",\"info_link\":\"http:\\\/\\\/www.heise.de\\\/ct\\\/artikel\\\/2-Klicks-fuer-mehr-Datenschutz-1333879.html\",\"uri\":\"https:\\\/\\\/www.vereinfernsehturmdresden.de\\\/?p=2112\",\"post_id\":2112,\"post_title_referrer_track\":\"Nachbarschaftstag+und+Turmaufstieg+am+14.+Oktober+2022\",\"display_infobox\":\"on\"});}});\n\/* ]]> *\/<\/script><\/div>","protected":false},"excerpt":{"rendered":"<p>53 Jahre Fernsehturm Dresden!\u00a0 Zeit f\u00fcr einen ganz besonderen Beitrag. Gestern \u00f6ffnete der Turm exklusiv f\u00fcr die umliegenden Anwohner aus Dresden Pappritz [&hellip;]<\/p>\n","protected":false},"author":19,"featured_media":0,"comment_status":"open","ping_status":"open","sticky":false,"template":"","format":"standard","meta":{"ngg_post_thumbnail":0,"footnotes":""},"categories":[1],"tags":[],"aioseo_notices":[],"_links":{"self":[{"href":"https:\/\/www.vereinfernsehturmdresden.de\/index.php?rest_route=\/wp\/v2\/posts\/2112"}],"collection":[{"href":"https:\/\/www.vereinfernsehturmdresden.de\/index.php?rest_route=\/wp\/v2\/posts"}],"about":[{"href":"https:\/\/www.vereinfernsehturmdresden.de\/index.php?rest_route=\/wp\/v2\/types\/post"}],"author":[{"embeddable":true,"href":"https:\/\/www.vereinfernsehturmdresden.de\/index.php?rest_route=\/wp\/v2\/users\/19"}],"replies":[{"embeddable":true,"href":"https:\/\/www.vereinfernsehturmdresden.de\/index.php?rest_route=%2Fwp%2Fv2%2Fcomments&post=2112"}],"version-history":[{"count":1,"href":"https:\/\/www.vereinfernsehturmdresden.de\/index.php?rest_route=\/wp\/v2\/posts\/2112\/revisions"}],"predecessor-version":[{"id":2113,"href":"https:\/\/www.vereinfernsehturmdresden.de\/index.php?rest_route=\/wp\/v2\/posts\/2112\/revisions\/2113"}],"wp:attachment":[{"href":"https:\/\/www.vereinfernsehturmdresden.de\/index.php?rest_route=%2Fwp%2Fv2%2Fmedia&parent=2112"}],"wp:term":[{"taxonomy":"category","embeddable":true,"href":"https:\/\/www.vereinfernsehturmdresden.de\/index.php?rest_route=%2Fwp%2Fv2%2Fcategories&post=2112"},{"taxonomy":"post_tag","embeddable":true,"href":"https:\/\/www.vereinfernsehturmdresden.de\/index.php?rest_route=%2Fwp%2Fv2%2Ftags&post=2112"}],"curies":[{"name":"wp","href":"https:\/\/api.w.org\/{rel}","templated":true}]}}