{"id":2109,"date":"2022-07-31T00:45:00","date_gmt":"2022-07-30T22:45:00","guid":{"rendered":"https:\/\/www.vereinfernsehturmdresden.de\/?p=2109"},"modified":"2022-10-21T00:45:54","modified_gmt":"2022-10-20T22:45:54","slug":"trauer-um-eberhard-mittag-und-klaus-martin","status":"publish","type":"post","link":"https:\/\/www.vereinfernsehturmdresden.de\/?p=2109","title":{"rendered":"Trauer um Eberhard Mittag und Klaus Martin"},"content":{"rendered":"<p>Wir trauern um unsere gesch\u00e4tzten, langj\u00e4hrigen Mitstreiter und Freunde.<\/p>\n<p>Eberhard Mittag, Geboren 1952 | Gestorben 2022; ehemaliger Vorstandsvorsitzender<\/p>\n<p>Klaus Martin, Geboren 1942 | Gestorben 2022; ehemaliges Vorstandsmitglied<\/p>\n<p>Bei einem tragischen Ungl\u00fcck auf dem Weg zu einem Treffen im Interesse des Vereins,<br \/>\nverloren beide ihr Leben. Sie haben \u00fcber viele Jahre mit Herzblut f\u00fcr die Wiederer\u00f6ffnung<br \/>\ndes Dresdner Fernsehturmes gewirkt. Wir werden in ihrem Sinne weiterarbeiten und damit ihr<br \/>\nAndenken bewahren. Unser aufrichtiges und tiefes Mitgef\u00fchl gilt ihren beiden Familien.<\/p>\n<p>Im Namen der Vorstandsmitglieder<br \/>\nReiner K\u00e4stner und Ulrich Dre\u00dfler<\/p>\n<p>und im Namen der Beiratsmitglieder<br \/>\nProf. Wolfgang Fischer und Axel Joel<\/p>\n<p>Die beiden Fotos entstanden im November 2021, als Idee den Vorstand und Beirat des Fernsehturm Dresden e.V. der breiten \u00d6ffentlichkeit vorzustellen.<\/p>\n<div class=\"twoclick_social_bookmarks_post_2109 social_share_privacy clearfix 1.6.4 locale-de_DE sprite-de_DE\"><\/div><div class=\"twoclick-js\"><script type=\"text\/javascript\">\/* <![CDATA[ *\/\njQuery(document).ready(function($){if($('.twoclick_social_bookmarks_post_2109')){$('.twoclick_social_bookmarks_post_2109').socialSharePrivacy({\"services\":{\"facebook\":{\"status\":\"on\",\"txt_info\":\"2 Klicks f\\u00fcr mehr Datenschutz: Erst wenn Sie hier klicken, wird der Button aktiv und Sie k\\u00f6nnen Ihre Empfehlung an Facebook senden. Schon beim Aktivieren werden Daten an Dritte \\u00fcbertragen - siehe <em>i<\\\/em>.\",\"perma_option\":\"off\",\"action\":\"like\",\"language\":\"de_DE\"},\"twitter\":{\"reply_to\":\"\",\"tweet_text\":\"Trauer%20um%20Eberhard%20Mittag%20und%20Klaus%20Martin%20%C2%BB%20Fernsehturm%20Dresden%20e.V.\",\"status\":\"on\",\"txt_info\":\"2 Klicks f\\u00fcr mehr Datenschutz: Erst wenn Sie hier klicken, wird der Button aktiv und Sie k\\u00f6nnen Ihre Empfehlung an Twitter senden. Schon beim Aktivieren werden Daten an Dritte \\u00fcbertragen - siehe <em>i<\\\/em>.\",\"perma_option\":\"off\",\"language\":\"de\",\"referrer_track\":\"\"},\"gplus\":{\"status\":\"on\",\"txt_info\":\"2 Klicks f\\u00fcr mehr Datenschutz: Erst wenn Sie hier klicken, wird der Button aktiv und Sie k\\u00f6nnen Ihre Empfehlung an Google+ senden. Schon beim Aktivieren werden Daten an Dritte \\u00fcbertragen - siehe <em>i<\\\/em>.\",\"perma_option\":\"off\",\"referrer_track\":\"\"}},\"txt_help\":\"Wenn Sie diese Felder durch einen Klick aktivieren, werden Informationen an Facebook, Twitter, Flattr, Xing, t3n, LinkedIn, Pinterest oder Google eventuell ins Ausland \\u00fcbertragen und unter Umst\\u00e4nden auch dort gespeichert. N\\u00e4heres erfahren Sie durch einen Klick auf das <em>i<\\\/em>.\",\"settings_perma\":\"Dauerhaft aktivieren und Daten\\u00fcber-tragung zustimmen:\",\"info_link\":\"http:\\\/\\\/www.heise.de\\\/ct\\\/artikel\\\/2-Klicks-fuer-mehr-Datenschutz-1333879.html\",\"uri\":\"https:\\\/\\\/www.vereinfernsehturmdresden.de\\\/?p=2109\",\"post_id\":2109,\"post_title_referrer_track\":\"Trauer+um+Eberhard+Mittag+und+Klaus+Martin\",\"display_infobox\":\"on\"});}});\n\/* ]]> *\/<\/script><\/div>","protected":false},"excerpt":{"rendered":"<p>Wir trauern um unsere gesch\u00e4tzten, langj\u00e4hrigen Mitstreiter und Freunde. Eberhard Mittag, Geboren 1952 | Gestorben 2022; ehemaliger Vorstandsvorsitzender Klaus Martin, Geboren 1942 [&hellip;]<\/p>\n","protected":false},"author":19,"featured_media":0,"comment_status":"open","ping_status":"open","sticky":false,"template":"","format":"standard","meta":{"ngg_post_thumbnail":0,"footnotes":""},"categories":[1],"tags":[],"aioseo_notices":[],"_links":{"self":[{"href":"https:\/\/www.vereinfernsehturmdresden.de\/index.php?rest_route=\/wp\/v2\/posts\/2109"}],"collection":[{"href":"https:\/\/www.vereinfernsehturmdresden.de\/index.php?rest_route=\/wp\/v2\/posts"}],"about":[{"href":"https:\/\/www.vereinfernsehturmdresden.de\/index.php?rest_route=\/wp\/v2\/types\/post"}],"author":[{"embeddable":true,"href":"https:\/\/www.vereinfernsehturmdresden.de\/index.php?rest_route=\/wp\/v2\/users\/19"}],"replies":[{"embeddable":true,"href":"https:\/\/www.vereinfernsehturmdresden.de\/index.php?rest_route=%2Fwp%2Fv2%2Fcomments&post=2109"}],"version-history":[{"count":1,"href":"https:\/\/www.vereinfernsehturmdresden.de\/index.php?rest_route=\/wp\/v2\/posts\/2109\/revisions"}],"predecessor-version":[{"id":2110,"href":"https:\/\/www.vereinfernsehturmdresden.de\/index.php?rest_route=\/wp\/v2\/posts\/2109\/revisions\/2110"}],"wp:attachment":[{"href":"https:\/\/www.vereinfernsehturmdresden.de\/index.php?rest_route=%2Fwp%2Fv2%2Fmedia&parent=2109"}],"wp:term":[{"taxonomy":"category","embeddable":true,"href":"https:\/\/www.vereinfernsehturmdresden.de\/index.php?rest_route=%2Fwp%2Fv2%2Fcategories&post=2109"},{"taxonomy":"post_tag","embeddable":true,"href":"https:\/\/www.vereinfernsehturmdresden.de\/index.php?rest_route=%2Fwp%2Fv2%2Ftags&post=2109"}],"curies":[{"name":"wp","href":"https:\/\/api.w.org\/{rel}","templated":true}]}}