{"id":2071,"date":"2022-07-20T15:15:44","date_gmt":"2022-07-20T13:15:44","guid":{"rendered":"https:\/\/www.vereinfernsehturmdresden.de\/?p=2071"},"modified":"2022-07-20T15:15:44","modified_gmt":"2022-07-20T13:15:44","slug":"besuch-bei-ministerpraesidenten-michael-kretschmer","status":"publish","type":"post","link":"https:\/\/www.vereinfernsehturmdresden.de\/?p=2071","title":{"rendered":"Besuch bei Ministerpr\u00e4sidenten Michael Kretschmer"},"content":{"rendered":"\n<figure class=\"wp-block-image size-large\"><a href=\"https:\/\/www.vereinfernsehturmdresden.de\/wp-content\/uploads\/2022\/07\/DSC4091bc.jpg\"><img loading=\"lazy\" decoding=\"async\" width=\"1024\" height=\"576\" src=\"https:\/\/www.vereinfernsehturmdresden.de\/wp-content\/uploads\/2022\/07\/DSC4091bc-1024x576.jpg\" alt=\"\" class=\"wp-image-2059\" srcset=\"https:\/\/www.vereinfernsehturmdresden.de\/wp-content\/uploads\/2022\/07\/DSC4091bc-1024x576.jpg 1024w, https:\/\/www.vereinfernsehturmdresden.de\/wp-content\/uploads\/2022\/07\/DSC4091bc-300x169.jpg 300w, https:\/\/www.vereinfernsehturmdresden.de\/wp-content\/uploads\/2022\/07\/DSC4091bc-768x432.jpg 768w, https:\/\/www.vereinfernsehturmdresden.de\/wp-content\/uploads\/2022\/07\/DSC4091bc-1536x864.jpg 1536w, https:\/\/www.vereinfernsehturmdresden.de\/wp-content\/uploads\/2022\/07\/DSC4091bc-2048x1152.jpg 2048w, https:\/\/www.vereinfernsehturmdresden.de\/wp-content\/uploads\/2022\/07\/DSC4091bc-920x518.jpg 920w, https:\/\/www.vereinfernsehturmdresden.de\/wp-content\/uploads\/2022\/07\/DSC4091bc-230x129.jpg 230w, https:\/\/www.vereinfernsehturmdresden.de\/wp-content\/uploads\/2022\/07\/DSC4091bc-350x197.jpg 350w, https:\/\/www.vereinfernsehturmdresden.de\/wp-content\/uploads\/2022\/07\/DSC4091bc-480x270.jpg 480w\" sizes=\"(max-width: 1024px) 100vw, 1024px\" \/><\/a><figcaption>Gruppenbild v.l.n.r: U. Dre\u00dfler, D. Bartels, R. K\u00e4stner, Eberhard. K\u00fchne, MP M. Kretschmer, E. Mittag, B. Jacob-Hahnewald (RL SMR)<\/figcaption><\/figure>\n\n\n<p>Kurz vor Beginn der Ferienzeit konnten wir am Dienstag dem 19. Juli 2022 unseren Ministerpr\u00e4sidenten Michael Kretschmer in der Staatskanzlei besuchen, eine entspannte Kaffeerunde mit z\u00fcnftiger Dresdner Eierschecke in gelockerter Atmosph\u00e4re. Als kleines Dankesch\u00f6n f\u00fcr seinen pers\u00f6nlichen Einsatz \u00fcberreichten wir ihm als Verein einen historischen Bildband mit Schnitten von Albert Herold, der die Entstehung des Dresdner Fernsehturmes von 1964-69 k\u00fcnstlerisch begleitete und einen passenden Wimpel. Gemeinsam gilt es, die nun anstehenden Aufgaben mit den neuen Anteilseignern, den Betreibern, der Stadt und der DFMG zu meistern und innovative, zukunftstr\u00e4chtige L\u00f6sungen in Abstimmung mit den Anwohnern f\u00fcr das Gesamtthema umzusetzen. Hierzu bieten wir als Verein weiterhin unsere gesammelten Erfahrungen an und bringen diese gerne in die weitere T\u00e4tigkeit der Lenkungsgruppe unseres Obermeisters Dirk Hilbert ein. Vielleicht ziert bald ein Bild vom neu er\u00f6ffneten Fernsehsehturm einen Raum in der Staatskanzlei.<\/p>\n\n\n<div class=\"wp-block-group is-vertical is-layout-flex wp-container-core-group-layout-1 wp-block-group-is-layout-flex\">\n<div class=\"wp-block-columns is-layout-flex wp-container-core-columns-layout-1 wp-block-columns-is-layout-flex\">\n<div class=\"wp-block-column is-layout-flow wp-block-column-is-layout-flow\" style=\"flex-basis:33.33%\">\n<figure class=\"wp-block-image size-large\"><a href=\"https:\/\/www.vereinfernsehturmdresden.de\/wp-content\/uploads\/2022\/07\/DSC4071bc.jpg\"><img loading=\"lazy\" decoding=\"async\" width=\"768\" height=\"1024\" src=\"https:\/\/www.vereinfernsehturmdresden.de\/wp-content\/uploads\/2022\/07\/DSC4071bc-768x1024.jpg\" alt=\"\" class=\"wp-image-2074\" srcset=\"https:\/\/www.vereinfernsehturmdresden.de\/wp-content\/uploads\/2022\/07\/DSC4071bc-768x1024.jpg 768w, https:\/\/www.vereinfernsehturmdresden.de\/wp-content\/uploads\/2022\/07\/DSC4071bc-225x300.jpg 225w, https:\/\/www.vereinfernsehturmdresden.de\/wp-content\/uploads\/2022\/07\/DSC4071bc-1152x1536.jpg 1152w, https:\/\/www.vereinfernsehturmdresden.de\/wp-content\/uploads\/2022\/07\/DSC4071bc-920x1227.jpg 920w, https:\/\/www.vereinfernsehturmdresden.de\/wp-content\/uploads\/2022\/07\/DSC4071bc-230x307.jpg 230w, https:\/\/www.vereinfernsehturmdresden.de\/wp-content\/uploads\/2022\/07\/DSC4071bc-350x467.jpg 350w, https:\/\/www.vereinfernsehturmdresden.de\/wp-content\/uploads\/2022\/07\/DSC4071bc-480x640.jpg 480w, https:\/\/www.vereinfernsehturmdresden.de\/wp-content\/uploads\/2022\/07\/DSC4071bc.jpg 1200w\" sizes=\"(max-width: 768px) 100vw, 768px\" \/><\/a><\/figure>\n<\/div>\n\n\n\n<div class=\"wp-block-column is-layout-flow wp-block-column-is-layout-flow\" style=\"flex-basis:66.66%\">\n<figure class=\"wp-block-image size-large\"><a href=\"https:\/\/www.vereinfernsehturmdresden.de\/wp-content\/uploads\/2022\/07\/DSC4040bc.jpg\"><img loading=\"lazy\" decoding=\"async\" width=\"1024\" height=\"683\" src=\"https:\/\/www.vereinfernsehturmdresden.de\/wp-content\/uploads\/2022\/07\/DSC4040bc-1024x683.jpg\" alt=\"\" class=\"wp-image-2073\" srcset=\"https:\/\/www.vereinfernsehturmdresden.de\/wp-content\/uploads\/2022\/07\/DSC4040bc-1024x683.jpg 1024w, https:\/\/www.vereinfernsehturmdresden.de\/wp-content\/uploads\/2022\/07\/DSC4040bc-300x200.jpg 300w, https:\/\/www.vereinfernsehturmdresden.de\/wp-content\/uploads\/2022\/07\/DSC4040bc-768x512.jpg 768w, https:\/\/www.vereinfernsehturmdresden.de\/wp-content\/uploads\/2022\/07\/DSC4040bc-1536x1024.jpg 1536w, https:\/\/www.vereinfernsehturmdresden.de\/wp-content\/uploads\/2022\/07\/DSC4040bc-920x613.jpg 920w, https:\/\/www.vereinfernsehturmdresden.de\/wp-content\/uploads\/2022\/07\/DSC4040bc-230x153.jpg 230w, https:\/\/www.vereinfernsehturmdresden.de\/wp-content\/uploads\/2022\/07\/DSC4040bc-350x233.jpg 350w, https:\/\/www.vereinfernsehturmdresden.de\/wp-content\/uploads\/2022\/07\/DSC4040bc-480x320.jpg 480w, https:\/\/www.vereinfernsehturmdresden.de\/wp-content\/uploads\/2022\/07\/DSC4040bc.jpg 1800w\" sizes=\"(max-width: 1024px) 100vw, 1024px\" \/><\/a><\/figure>\n<\/div>\n<\/div>\n<\/div>\n<div class=\"twoclick_social_bookmarks_post_2071 social_share_privacy clearfix 1.6.4 locale-de_DE sprite-de_DE\"><\/div><div class=\"twoclick-js\"><script type=\"text\/javascript\">\/* <![CDATA[ *\/\njQuery(document).ready(function($){if($('.twoclick_social_bookmarks_post_2071')){$('.twoclick_social_bookmarks_post_2071').socialSharePrivacy({\"services\":{\"facebook\":{\"status\":\"on\",\"txt_info\":\"2 Klicks f\\u00fcr mehr Datenschutz: Erst wenn Sie hier klicken, wird der Button aktiv und Sie k\\u00f6nnen Ihre Empfehlung an Facebook senden. Schon beim Aktivieren werden Daten an Dritte \\u00fcbertragen - siehe <em>i<\\\/em>.\",\"perma_option\":\"off\",\"action\":\"like\",\"language\":\"de_DE\"},\"twitter\":{\"reply_to\":\"\",\"tweet_text\":\"Besuch%20bei%20Ministerpr%C3%A4sidenten%20Michael%20Kretschmer%20%C2%BB%20Fernsehturm%20Dresden%20e.V.\",\"status\":\"on\",\"txt_info\":\"2 Klicks f\\u00fcr mehr Datenschutz: Erst wenn Sie hier klicken, wird der Button aktiv und Sie k\\u00f6nnen Ihre Empfehlung an Twitter senden. Schon beim Aktivieren werden Daten an Dritte \\u00fcbertragen - siehe <em>i<\\\/em>.\",\"perma_option\":\"off\",\"language\":\"de\",\"referrer_track\":\"\"},\"gplus\":{\"status\":\"on\",\"txt_info\":\"2 Klicks f\\u00fcr mehr Datenschutz: Erst wenn Sie hier klicken, wird der Button aktiv und Sie k\\u00f6nnen Ihre Empfehlung an Google+ senden. Schon beim Aktivieren werden Daten an Dritte \\u00fcbertragen - siehe <em>i<\\\/em>.\",\"perma_option\":\"off\",\"referrer_track\":\"\"}},\"txt_help\":\"Wenn Sie diese Felder durch einen Klick aktivieren, werden Informationen an Facebook, Twitter, Flattr, Xing, t3n, LinkedIn, Pinterest oder Google eventuell ins Ausland \\u00fcbertragen und unter Umst\\u00e4nden auch dort gespeichert. N\\u00e4heres erfahren Sie durch einen Klick auf das <em>i<\\\/em>.\",\"settings_perma\":\"Dauerhaft aktivieren und Daten\\u00fcber-tragung zustimmen:\",\"info_link\":\"http:\\\/\\\/www.heise.de\\\/ct\\\/artikel\\\/2-Klicks-fuer-mehr-Datenschutz-1333879.html\",\"uri\":\"https:\\\/\\\/www.vereinfernsehturmdresden.de\\\/?p=2071\",\"post_id\":2071,\"post_title_referrer_track\":\"Besuch+bei+Ministerpr%C3%A4sidenten+Michael+Kretschmer\",\"display_infobox\":\"on\"});}});\n\/* ]]> *\/<\/script><\/div>","protected":false},"excerpt":{"rendered":"<p>Kurz vor Beginn der Ferienzeit konnten wir am Dienstag dem 19. Juli 2022 unseren Ministerpr\u00e4sidenten Michael Kretschmer in der Staatskanzlei besuchen, eine [&hellip;]<\/p>\n","protected":false},"author":19,"featured_media":0,"comment_status":"open","ping_status":"open","sticky":false,"template":"","format":"standard","meta":{"ngg_post_thumbnail":0,"footnotes":""},"categories":[1],"tags":[],"aioseo_notices":[],"_links":{"self":[{"href":"https:\/\/www.vereinfernsehturmdresden.de\/index.php?rest_route=\/wp\/v2\/posts\/2071"}],"collection":[{"href":"https:\/\/www.vereinfernsehturmdresden.de\/index.php?rest_route=\/wp\/v2\/posts"}],"about":[{"href":"https:\/\/www.vereinfernsehturmdresden.de\/index.php?rest_route=\/wp\/v2\/types\/post"}],"author":[{"embeddable":true,"href":"https:\/\/www.vereinfernsehturmdresden.de\/index.php?rest_route=\/wp\/v2\/users\/19"}],"replies":[{"embeddable":true,"href":"https:\/\/www.vereinfernsehturmdresden.de\/index.php?rest_route=%2Fwp%2Fv2%2Fcomments&post=2071"}],"version-history":[{"count":4,"href":"https:\/\/www.vereinfernsehturmdresden.de\/index.php?rest_route=\/wp\/v2\/posts\/2071\/revisions"}],"predecessor-version":[{"id":2078,"href":"https:\/\/www.vereinfernsehturmdresden.de\/index.php?rest_route=\/wp\/v2\/posts\/2071\/revisions\/2078"}],"wp:attachment":[{"href":"https:\/\/www.vereinfernsehturmdresden.de\/index.php?rest_route=%2Fwp%2Fv2%2Fmedia&parent=2071"}],"wp:term":[{"taxonomy":"category","embeddable":true,"href":"https:\/\/www.vereinfernsehturmdresden.de\/index.php?rest_route=%2Fwp%2Fv2%2Fcategories&post=2071"},{"taxonomy":"post_tag","embeddable":true,"href":"https:\/\/www.vereinfernsehturmdresden.de\/index.php?rest_route=%2Fwp%2Fv2%2Ftags&post=2071"}],"curies":[{"name":"wp","href":"https:\/\/api.w.org\/{rel}","templated":true}]}}