{"id":2042,"date":"2021-12-30T14:57:56","date_gmt":"2021-12-30T13:57:56","guid":{"rendered":"https:\/\/www.vereinfernsehturmdresden.de\/?p=2042"},"modified":"2021-12-30T14:57:56","modified_gmt":"2021-12-30T13:57:56","slug":"weihnachts-und-jahreswechselglueckwuensche-2021-2022","status":"publish","type":"post","link":"https:\/\/www.vereinfernsehturmdresden.de\/?p=2042","title":{"rendered":"Weihnachts- und Jahreswechselgl\u00fcckw\u00fcnsche 2021\/2022"},"content":{"rendered":"<p>Liebe Fernsehturmfreunde,<\/p>\n<p>das Jahr 2021 neigt sich dem Ende zu und Weihnachten steht vor der T\u00fcr in diesem f\u00fcr uns alle sehr speziellen Jahr. Wir konnten im einem eng begrenzten Zeitfenster unsere Jahreshauptversammlung im September 2021 erfolgreich durchf\u00fchren. Vorstand, Beirat und Kassenpr\u00fcfer wurden entsprechend unserer Satzung gew\u00e4hlt und zur Best\u00e4tigung beim Amtsgericht eingereicht.<\/p>\n<p>Leider wurde die Vorstellung des Betreiberkonzeptes im Haus der Presse am 11.11.2021 auf Grund der aktuellen Regelungen abgesagt. Das bedauern wir au\u00dferordentlich und hoffen, daf\u00fcr im kommenden Fr\u00fchjahr einen neuen Termin zu finden.<\/p>\n<p>Trotz Corona arbeiten die \u00c4mter und Verwaltungen in Dresden weiter, was sich auch f\u00fcr den Fernsehturm Dresden durchaus positiv ausgewirkt hat. Der Anteil der Stadt in H\u00f6he von 6,4 Mio. \u20ac f\u00fcr die Sanierung unseres Fernsehturmes ist im Haushaltsplan 2021\/2022 fixiert. Wir alle freuen uns sehr dar\u00fcber. Damit kann die Umsetzung des allseitig geforderten Verkehrskonzeptes und der von der Lenkungsgruppe vorgeschlagenen Aufgaben weiter erfolgen.\u00a0 <\/p>\n<p>Vielen Dank hiermit an alle Unterst\u00fctzer, partei- und fraktions\u00fcbergreifend. Wir werden als Verein die Aktivit\u00e4ten zur Revitalisierung unseres Herzensprojektes auch 2022 weiter begleiten und alles versuchen, um diese umfassend zu unterst\u00fctzen. <\/p>\n<p>Mit allen guten W\u00fcnschen f\u00fcr eine sch\u00f6ne Weihnachtszeit bei bester Gesundheit<\/p>\n<p>Ihr<\/p>\n<p>Ulrich Dre\u00dfler\t\t\tEberhard Mittag<br \/>\nstellv. Vorsitzender\t\tVorsitzender<\/p>\n<div class=\"twoclick_social_bookmarks_post_2042 social_share_privacy clearfix 1.6.4 locale-de_DE sprite-de_DE\"><\/div><div class=\"twoclick-js\"><script type=\"text\/javascript\">\/* <![CDATA[ *\/\njQuery(document).ready(function($){if($('.twoclick_social_bookmarks_post_2042')){$('.twoclick_social_bookmarks_post_2042').socialSharePrivacy({\"services\":{\"facebook\":{\"status\":\"on\",\"txt_info\":\"2 Klicks f\\u00fcr mehr Datenschutz: Erst wenn Sie hier klicken, wird der Button aktiv und Sie k\\u00f6nnen Ihre Empfehlung an Facebook senden. Schon beim Aktivieren werden Daten an Dritte \\u00fcbertragen - siehe <em>i<\\\/em>.\",\"perma_option\":\"off\",\"action\":\"like\",\"language\":\"de_DE\"},\"twitter\":{\"reply_to\":\"\",\"tweet_text\":\"Weihnachts-%20und%20Jahreswechselgl%C3%BCckw%C3%BCnsche%202021%2F2022%20%C2%BB%20Fernsehturm%20Dresden%20e.V.\",\"status\":\"on\",\"txt_info\":\"2 Klicks f\\u00fcr mehr Datenschutz: Erst wenn Sie hier klicken, wird der Button aktiv und Sie k\\u00f6nnen Ihre Empfehlung an Twitter senden. Schon beim Aktivieren werden Daten an Dritte \\u00fcbertragen - siehe <em>i<\\\/em>.\",\"perma_option\":\"off\",\"language\":\"de\",\"referrer_track\":\"\"},\"gplus\":{\"status\":\"on\",\"txt_info\":\"2 Klicks f\\u00fcr mehr Datenschutz: Erst wenn Sie hier klicken, wird der Button aktiv und Sie k\\u00f6nnen Ihre Empfehlung an Google+ senden. Schon beim Aktivieren werden Daten an Dritte \\u00fcbertragen - siehe <em>i<\\\/em>.\",\"perma_option\":\"off\",\"referrer_track\":\"\"}},\"txt_help\":\"Wenn Sie diese Felder durch einen Klick aktivieren, werden Informationen an Facebook, Twitter, Flattr, Xing, t3n, LinkedIn, Pinterest oder Google eventuell ins Ausland \\u00fcbertragen und unter Umst\\u00e4nden auch dort gespeichert. N\\u00e4heres erfahren Sie durch einen Klick auf das <em>i<\\\/em>.\",\"settings_perma\":\"Dauerhaft aktivieren und Daten\\u00fcber-tragung zustimmen:\",\"info_link\":\"http:\\\/\\\/www.heise.de\\\/ct\\\/artikel\\\/2-Klicks-fuer-mehr-Datenschutz-1333879.html\",\"uri\":\"https:\\\/\\\/www.vereinfernsehturmdresden.de\\\/?p=2042\",\"post_id\":2042,\"post_title_referrer_track\":\"Weihnachts-+und+Jahreswechselgl%C3%BCckw%C3%BCnsche+2021%2F2022\",\"display_infobox\":\"on\"});}});\n\/* ]]> *\/<\/script><\/div>","protected":false},"excerpt":{"rendered":"<p>Liebe Fernsehturmfreunde, das Jahr 2021 neigt sich dem Ende zu und Weihnachten steht vor der T\u00fcr in diesem f\u00fcr uns alle sehr [&hellip;]<\/p>\n","protected":false},"author":1,"featured_media":0,"comment_status":"open","ping_status":"open","sticky":false,"template":"","format":"standard","meta":{"ngg_post_thumbnail":0,"footnotes":""},"categories":[1],"tags":[],"aioseo_notices":[],"_links":{"self":[{"href":"https:\/\/www.vereinfernsehturmdresden.de\/index.php?rest_route=\/wp\/v2\/posts\/2042"}],"collection":[{"href":"https:\/\/www.vereinfernsehturmdresden.de\/index.php?rest_route=\/wp\/v2\/posts"}],"about":[{"href":"https:\/\/www.vereinfernsehturmdresden.de\/index.php?rest_route=\/wp\/v2\/types\/post"}],"author":[{"embeddable":true,"href":"https:\/\/www.vereinfernsehturmdresden.de\/index.php?rest_route=\/wp\/v2\/users\/1"}],"replies":[{"embeddable":true,"href":"https:\/\/www.vereinfernsehturmdresden.de\/index.php?rest_route=%2Fwp%2Fv2%2Fcomments&post=2042"}],"version-history":[{"count":1,"href":"https:\/\/www.vereinfernsehturmdresden.de\/index.php?rest_route=\/wp\/v2\/posts\/2042\/revisions"}],"predecessor-version":[{"id":2043,"href":"https:\/\/www.vereinfernsehturmdresden.de\/index.php?rest_route=\/wp\/v2\/posts\/2042\/revisions\/2043"}],"wp:attachment":[{"href":"https:\/\/www.vereinfernsehturmdresden.de\/index.php?rest_route=%2Fwp%2Fv2%2Fmedia&parent=2042"}],"wp:term":[{"taxonomy":"category","embeddable":true,"href":"https:\/\/www.vereinfernsehturmdresden.de\/index.php?rest_route=%2Fwp%2Fv2%2Fcategories&post=2042"},{"taxonomy":"post_tag","embeddable":true,"href":"https:\/\/www.vereinfernsehturmdresden.de\/index.php?rest_route=%2Fwp%2Fv2%2Ftags&post=2042"}],"curies":[{"name":"wp","href":"https:\/\/api.w.org\/{rel}","templated":true}]}}