{"id":164,"date":"2006-02-25T10:44:03","date_gmt":"2006-02-25T08:44:03","guid":{"rendered":"http:\/\/www.p-ace.de\/FTurm\/?p=164"},"modified":"2014-06-26T10:39:03","modified_gmt":"2014-06-26T08:39:03","slug":"saechsische-zeitung-25-26-02-2006","status":"publish","type":"post","link":"https:\/\/www.vereinfernsehturmdresden.de\/?p=164","title":{"rendered":"S\u00e4chsische Zeitung 25.\/26.02.2006 &#8211; Turm &#8222;wieder erwecken&#8220;"},"content":{"rendered":"<p><strong>Turm &#8222;wieder erwecken&#8220;<\/strong><\/p>\n<p>&#8222;Die Vorbereitungen zur 800-Jahrfeier unserer Stadt und die Suche nach weiteren Attraktionen f\u00fcr den Tourismus haben mich angeregt, den Dresdner Fernsehturm mit seinen \u00f6ffentlichen Einrichtungen aus dem jahrelangen Dornr\u00f6schenschlaf aufzuwecken. &#8230;&#8220; (Hans Konrad)<\/p>\n<p><a href=\"http:\/\/www.p-ace.de\/FTurm\/wp-content\/uploads\/2014\/06\/Turm-wieder-erwecken.pdf\" target=\"_blank\">Artikel ansehen<\/a><\/p>\n<div class=\"twoclick_social_bookmarks_post_164 social_share_privacy clearfix 1.6.4 locale-de_DE sprite-de_DE\"><\/div><div class=\"twoclick-js\"><script type=\"text\/javascript\">\/* <![CDATA[ *\/\njQuery(document).ready(function($){if($('.twoclick_social_bookmarks_post_164')){$('.twoclick_social_bookmarks_post_164').socialSharePrivacy({\"services\":{\"facebook\":{\"status\":\"on\",\"txt_info\":\"2 Klicks f\\u00fcr mehr Datenschutz: Erst wenn Sie hier klicken, wird der Button aktiv und Sie k\\u00f6nnen Ihre Empfehlung an Facebook senden. Schon beim Aktivieren werden Daten an Dritte \\u00fcbertragen - siehe <em>i<\\\/em>.\",\"perma_option\":\"off\",\"action\":\"like\",\"language\":\"de_DE\"},\"twitter\":{\"reply_to\":\"\",\"tweet_text\":\"%20S%C3%A4chsische%20Zeitung%2025.%2F26.02.2006%20%E2%80%93%20Turm%20%E2%80%9Ewieder%20erwecken%E2%80%9C%20...\",\"status\":\"on\",\"txt_info\":\"2 Klicks f\\u00fcr mehr Datenschutz: Erst wenn Sie hier klicken, wird der Button aktiv und Sie k\\u00f6nnen Ihre Empfehlung an Twitter senden. Schon beim Aktivieren werden Daten an Dritte \\u00fcbertragen - siehe <em>i<\\\/em>.\",\"perma_option\":\"off\",\"language\":\"de\",\"referrer_track\":\"\"},\"gplus\":{\"status\":\"on\",\"txt_info\":\"2 Klicks f\\u00fcr mehr Datenschutz: Erst wenn Sie hier klicken, wird der Button aktiv und Sie k\\u00f6nnen Ihre Empfehlung an Google+ senden. Schon beim Aktivieren werden Daten an Dritte \\u00fcbertragen - siehe <em>i<\\\/em>.\",\"perma_option\":\"off\",\"referrer_track\":\"\"}},\"txt_help\":\"Wenn Sie diese Felder durch einen Klick aktivieren, werden Informationen an Facebook, Twitter, Flattr, Xing, t3n, LinkedIn, Pinterest oder Google eventuell ins Ausland \\u00fcbertragen und unter Umst\\u00e4nden auch dort gespeichert. N\\u00e4heres erfahren Sie durch einen Klick auf das <em>i<\\\/em>.\",\"settings_perma\":\"Dauerhaft aktivieren und Daten\\u00fcber-tragung zustimmen:\",\"info_link\":\"http:\\\/\\\/www.heise.de\\\/ct\\\/artikel\\\/2-Klicks-fuer-mehr-Datenschutz-1333879.html\",\"uri\":\"https:\\\/\\\/www.vereinfernsehturmdresden.de\\\/?p=164\",\"post_id\":164,\"post_title_referrer_track\":\"S%C3%A4chsische+Zeitung+25.%2F26.02.2006+%26%238211%3B+Turm+%26%238222%3Bwieder+erwecken%26%238220%3B\",\"display_infobox\":\"on\"});}});\n\/* ]]> *\/<\/script><\/div>","protected":false},"excerpt":{"rendered":"<p>Turm &#8222;wieder erwecken&#8220; &#8222;Die Vorbereitungen zur 800-Jahrfeier unserer Stadt und die Suche nach weiteren Attraktionen f\u00fcr den Tourismus haben mich angeregt, den [&hellip;]<\/p>\n","protected":false},"author":1,"featured_media":0,"comment_status":"open","ping_status":"open","sticky":false,"template":"","format":"standard","meta":{"ngg_post_thumbnail":0,"footnotes":""},"categories":[1],"tags":[],"aioseo_notices":[],"_links":{"self":[{"href":"https:\/\/www.vereinfernsehturmdresden.de\/index.php?rest_route=\/wp\/v2\/posts\/164"}],"collection":[{"href":"https:\/\/www.vereinfernsehturmdresden.de\/index.php?rest_route=\/wp\/v2\/posts"}],"about":[{"href":"https:\/\/www.vereinfernsehturmdresden.de\/index.php?rest_route=\/wp\/v2\/types\/post"}],"author":[{"embeddable":true,"href":"https:\/\/www.vereinfernsehturmdresden.de\/index.php?rest_route=\/wp\/v2\/users\/1"}],"replies":[{"embeddable":true,"href":"https:\/\/www.vereinfernsehturmdresden.de\/index.php?rest_route=%2Fwp%2Fv2%2Fcomments&post=164"}],"version-history":[{"count":3,"href":"https:\/\/www.vereinfernsehturmdresden.de\/index.php?rest_route=\/wp\/v2\/posts\/164\/revisions"}],"predecessor-version":[{"id":369,"href":"https:\/\/www.vereinfernsehturmdresden.de\/index.php?rest_route=\/wp\/v2\/posts\/164\/revisions\/369"}],"wp:attachment":[{"href":"https:\/\/www.vereinfernsehturmdresden.de\/index.php?rest_route=%2Fwp%2Fv2%2Fmedia&parent=164"}],"wp:term":[{"taxonomy":"category","embeddable":true,"href":"https:\/\/www.vereinfernsehturmdresden.de\/index.php?rest_route=%2Fwp%2Fv2%2Fcategories&post=164"},{"taxonomy":"post_tag","embeddable":true,"href":"https:\/\/www.vereinfernsehturmdresden.de\/index.php?rest_route=%2Fwp%2Fv2%2Ftags&post=164"}],"curies":[{"name":"wp","href":"https:\/\/api.w.org\/{rel}","templated":true}]}}